{"id":15922,"date":"2025-09-02T09:30:07","date_gmt":"2025-09-02T14:30:07","guid":{"rendered":"https:\/\/voy.pe\/uni6a\/?p=15922"},"modified":"2025-09-02T09:30:07","modified_gmt":"2025-09-02T14:30:07","slug":"uni-organiza-ix-feria-laboral-2025-en-su-campus-universitario","status":"publish","type":"post","link":"https:\/\/voy.pe\/uni6a\/uni-organiza-ix-feria-laboral-2025-en-su-campus-universitario\/","title":{"rendered":"UNI organiza IX Feria Laboral 2025 en su campus universitario"},"content":{"rendered":"\n<p><em>M\u00e1s de 100 empresas participan en el evento presencial y virtual, posibilitando un espacio de oportunidades de empleo y pr\u00e1cticas profesionales para estudiantes y egresados de la UNI.<\/em><\/p>\n\n\n\n<p>Talento de vital importancia. La <strong>Universidad Nacional de Ingenier\u00eda (UNI)<\/strong>, inaugur\u00f3 al interior de su campus la <strong>IX Feria Laboral 2025<\/strong> con la participaci\u00f3n de m\u00e1s de 60 destacadas firmas nacionales con el objetivo de fortalecer los v\u00ednculos entre la academia y las empresas.<\/p>\n\n\n\n<p>El evento se desarrollar\u00e1 de forma presencial durante el lunes 1, martes 2 y mi\u00e9rcoles 3 de septiembre en los exteriores de la Oficina de Tecnolog\u00edas de Informaci\u00f3n (OTI), exCentro de Tecnolog\u00edas de Informaci\u00f3n y Comunicaciones (CTIC).&nbsp;<\/p>\n\n\n\n<p>Mientras que el jueves 4 y viernes 5 de septiembre, otras 42 firmas participar\u00e1n a trav\u00e9s de la plataforma de feria virtual. La<strong> IX Feria Laboral UNI 2025 <\/strong>se realiza desde las 09:00 a.m. a 5:00 p.m.<\/p>\n\n\n\n<p>Durante la inauguraci\u00f3n del evento, el rector de la <strong>UNI<\/strong>, Dr. Arturo Talledo Coronado, dio la bienvenida a las empresas participantes en la <strong>IX Feria Laboral 2025<\/strong> y resalt\u00f3 que estas representan las diferentes etapas del desarrollo de la tecnolog\u00eda.<\/p>\n\n\n\n<p>\u201cAqu\u00ed est\u00e1 la <strong>UNI <\/strong>cumpliendo una de sus principales funciones: formando j\u00f3venes profesionales para el desarrollo del Per\u00fa y buscando su inserci\u00f3n en las empresas m\u00e1s importantes de nuestro pa\u00eds\u00bb, destac\u00f3.<\/p>\n\n\n\n<p>A su turno, el director de la OTI, Mag. Ing. Rub\u00e9n Borja Rosales, consider\u00f3 un honor seguir apoyando la realizaci\u00f3n de las ferias laborales en la <strong>UNI<\/strong>, se\u00f1al\u00f3 la importancia de una Feria Laboral<strong> UNI<\/strong> virtual permanente y plante\u00f3 el reforzamiento de las habilidades blandas con miras a los procesos de selecci\u00f3n en las empresas.<\/p>\n\n\n\n<p>\u00abInvito a toda la comunidad universitaria para que vengan a participar y no perderse del acercamiento que pueden tener con cada una de las empresas que est\u00e1n aqu\u00ed. Aprovechen para visitar los stands y participar en las interesantes charlas\u00bb, dijo tambi\u00e9n la responsable de la Bolsa de Trabajo <strong>UNI<\/strong>, Ing. Madai Arellano Olaechea.<\/p>\n\n\n\n<p>La <strong>IX Feria Laboral UNI 2025<\/strong>, organizada por la Bolsa de Trabajo y la OTI, re\u00fane empresas l\u00edderes del pa\u00eds que ofrecer\u00e1n oportunidades de empleo y pr\u00e1cticas profesionales para estudiantes y egresados, charlas de orientaci\u00f3n profesional y espacios de networking con reclutadores.\u00a0<\/p>\n","protected":false},"excerpt":{"rendered":"<p>M\u00e1s de 100 empresas participan en el evento presencial y virtual, posibilitando un espacio de oportunidades de empleo y pr\u00e1cticas profesionales para estudiantes y egresados de la UNI. Talento de [&hellip;]<\/p>\n","protected":false},"author":7,"featured_media":15923,"comment_status":"closed","ping_status":"closed","sticky":false,"template":"","format":"standard","meta":{"footnotes":""},"categories":[1],"tags":[],"class_list":["post-15922","post","type-post","status-publish","format-standard","has-post-thumbnail","hentry","category-noticias"],"_links":{"self":[{"href":"https:\/\/voy.pe\/uni6a\/wp-json\/wp\/v2\/posts\/15922","targetHints":{"allow":["GET"]}}],"collection":[{"href":"https:\/\/voy.pe\/uni6a\/wp-json\/wp\/v2\/posts"}],"about":[{"href":"https:\/\/voy.pe\/uni6a\/wp-json\/wp\/v2\/types\/post"}],"author":[{"embeddable":true,"href":"https:\/\/voy.pe\/uni6a\/wp-json\/wp\/v2\/users\/7"}],"replies":[{"embeddable":true,"href":"https:\/\/voy.pe\/uni6a\/wp-json\/wp\/v2\/comments?post=15922"}],"version-history":[{"count":1,"href":"https:\/\/voy.pe\/uni6a\/wp-json\/wp\/v2\/posts\/15922\/revisions"}],"predecessor-version":[{"id":15924,"href":"https:\/\/voy.pe\/uni6a\/wp-json\/wp\/v2\/posts\/15922\/revisions\/15924"}],"wp:featuredmedia":[{"embeddable":true,"href":"https:\/\/voy.pe\/uni6a\/wp-json\/wp\/v2\/media\/15923"}],"wp:attachment":[{"href":"https:\/\/voy.pe\/uni6a\/wp-json\/wp\/v2\/media?parent=15922"}],"wp:term":[{"taxonomy":"category","embeddable":true,"href":"https:\/\/voy.pe\/uni6a\/wp-json\/wp\/v2\/categories?post=15922"},{"taxonomy":"post_tag","embeddable":true,"href":"https:\/\/voy.pe\/uni6a\/wp-json\/wp\/v2\/tags?post=15922"}],"curies":[{"name":"wp","href":"https:\/\/api.w.org\/{rel}","templated":true}]}}