{"id":15918,"date":"2025-08-28T14:55:00","date_gmt":"2025-08-28T19:55:00","guid":{"rendered":"https:\/\/voy.pe\/uni6a\/?p=15918"},"modified":"2025-08-28T16:48:03","modified_gmt":"2025-08-28T21:48:03","slug":"uni-recibe-a-la-primera-promocion-de-la-nueva-carrera-de-urbanismo","status":"publish","type":"post","link":"https:\/\/voy.pe\/uni6a\/uni-recibe-a-la-primera-promocion-de-la-nueva-carrera-de-urbanismo\/","title":{"rendered":"UNI recibe a la primera promoci\u00f3n de la nueva carrera de Urbanismo"},"content":{"rendered":"\n<p><em>La futura promoci\u00f3n de Urbanismo, que la integran 12 mujeres y 20 hombres, tendr\u00e1n el reto <\/em><em>de planificar, ordenar y dise\u00f1ar las ciudades <\/em><em>bajo la mirada del desarrollo sostenible.<\/em><\/p>\n\n\n\n<p>Especialidad pionera a nivel nacional. La <strong>Universidad Nacional de Ingenier\u00eda (UNI)<\/strong>, dio la bienvenida a los 32 ingresantes que este ciclo inician sus clases en la nueva carrera profesional de Urbanismo de la Facultad de Arquitectura, <strong>Urbanismo <\/strong>y Artes (FAUA).<\/p>\n\n\n\n<p>Durante la recepci\u00f3n a los \u201ccachimbos\u201d en la Sala de Sesiones del Consejo Universitario, el rector de la<strong> UNI<\/strong>, Dr. Arturo Talledo Coronado, felicit\u00f3 a los nuevos estudiantes por su \u00e9xito en el Examen de Admisi\u00f3n 2025-2. Adem\u00e1s, record\u00f3 las obras urbanistas del Arq. Fernando Bela\u00fande Terry, quien fue expresidente de la Rep\u00fablica y ex decano de la FAUA.<\/p>\n\n\n\n<p>\u201cEn su carrera de <strong>Urbanismo <\/strong>ustedes tienen grandes tareas. El Per\u00fa en el futuro va a necesitar grandes urbes e inclusive crear ciudades artificiales, por ejemplo como Dubai o como Brasilia (&#8230;) nosotros tenemos un proyecto que estamos apoyando y coordinando con la escuela de <strong>Urbanismo<\/strong> y la facultad para hacer un modelo de ciudad para albergar a toda la gente que se ubicar\u00e1 en pr\u00f3ximos a\u00f1os alrededor del Megapuerto de Chancay, pero tambi\u00e9n hay tareas sociales ante problemas urban\u00edsticos en la ciudad\u201d, dijo.<\/p>\n\n\n\n<p>La decana de la FAUA, MSc. Arq. Rosario Pacheco Acero, se\u00f1al\u00f3 que el nombre de los 32 nuevos estudiantes de <strong>Urbanismo <\/strong>quedar\u00e1 grabado en la historia de la universidad y destac\u00f3 la presencia de 12 estudiantes mujeres dentro de este grupo de cachimbos.<\/p>\n\n\n\n<p>\u201cLos distintos estudios que ustedes van a llevar los van a sensibilizar, sumado a la sensibilidad que tienen, les permitir\u00e1 ver la ciudad de otra manera. Esta ciudad necesita de profesionales para saber crecer, distribuirse y desarrollarse, de un ordenamiento territorial y de una planificaci\u00f3n. Creo que es necesario sentarnos a meditar qu\u00e9 es lo que podemos hacer por el bien de nuestro pa\u00eds y absorbamos todas las ense\u00f1anzas que nos dan ahora los maestros\u201d, expres\u00f3.<\/p>\n\n\n\n<p>A su turno, la Dra. Arq. Isis Bustamante Due\u00f1as, directora de la Escuela Profesional de <strong>Urbanismo<\/strong> de la FAUA, explic\u00f3 que la nueva carrera fue arduamente trabajada por la facultad para lograr sus primeros estudiantes, que ya cuentan una placa con sus respectivos nombres como primera promoci\u00f3n de ingresantes.<\/p>\n\n\n\n<p>\u201cEstamos hu\u00e9rfanos de esta profesi\u00f3n a nivel nacional (&#8230;) nosotros como urbanistas tenemos que ser sensibles a esta ciudad que nos rodea porque ah\u00ed est\u00e1n nuestros hermanos y tenemos que pensar c\u00f3mo nos gustar\u00eda vivir nosotros y qu\u00e9 podr\u00edamos hacer para mejorar la calidad de vida de las dem\u00e1s personas. Estamos entrando al reto del tema de sostenibilidad a nivel mundial\u201d, manifest\u00f3.<\/p>\n\n\n\n<p>La nueva carrera de <strong>Urbanismo<\/strong>, que tiene como objetivo planificar, ordenar y dise\u00f1ar las ciudades y el territorio bajo la mirada del desarrollo sostenible, convierte a la <strong>UNI<\/strong> en la \u00fanica universidad a nivel nacional que ofrece esta especialidad en pregrado.<\/p>\n","protected":false},"excerpt":{"rendered":"<p>La futura promoci\u00f3n de Urbanismo, que la integran 12 mujeres y 20 hombres, tendr\u00e1n el reto de planificar, ordenar y dise\u00f1ar las ciudades bajo la mirada del desarrollo sostenible. Especialidad [&hellip;]<\/p>\n","protected":false},"author":7,"featured_media":15919,"comment_status":"closed","ping_status":"closed","sticky":false,"template":"","format":"standard","meta":{"footnotes":""},"categories":[1],"tags":[],"class_list":["post-15918","post","type-post","status-publish","format-standard","has-post-thumbnail","hentry","category-noticias"],"_links":{"self":[{"href":"https:\/\/voy.pe\/uni6a\/wp-json\/wp\/v2\/posts\/15918","targetHints":{"allow":["GET"]}}],"collection":[{"href":"https:\/\/voy.pe\/uni6a\/wp-json\/wp\/v2\/posts"}],"about":[{"href":"https:\/\/voy.pe\/uni6a\/wp-json\/wp\/v2\/types\/post"}],"author":[{"embeddable":true,"href":"https:\/\/voy.pe\/uni6a\/wp-json\/wp\/v2\/users\/7"}],"replies":[{"embeddable":true,"href":"https:\/\/voy.pe\/uni6a\/wp-json\/wp\/v2\/comments?post=15918"}],"version-history":[{"count":1,"href":"https:\/\/voy.pe\/uni6a\/wp-json\/wp\/v2\/posts\/15918\/revisions"}],"predecessor-version":[{"id":15920,"href":"https:\/\/voy.pe\/uni6a\/wp-json\/wp\/v2\/posts\/15918\/revisions\/15920"}],"wp:featuredmedia":[{"embeddable":true,"href":"https:\/\/voy.pe\/uni6a\/wp-json\/wp\/v2\/media\/15919"}],"wp:attachment":[{"href":"https:\/\/voy.pe\/uni6a\/wp-json\/wp\/v2\/media?parent=15918"}],"wp:term":[{"taxonomy":"category","embeddable":true,"href":"https:\/\/voy.pe\/uni6a\/wp-json\/wp\/v2\/categories?post=15918"},{"taxonomy":"post_tag","embeddable":true,"href":"https:\/\/voy.pe\/uni6a\/wp-json\/wp\/v2\/tags?post=15918"}],"curies":[{"name":"wp","href":"https:\/\/api.w.org\/{rel}","templated":true}]}}